{"id":116665,"date":"2025-09-22T13:15:52","date_gmt":"2025-09-22T11:15:52","guid":{"rendered":"https:\/\/www.resolfin.com\/?p=98463"},"modified":"2025-09-22T13:15:52","modified_gmt":"2025-09-22T11:15:52","slug":"esposizione-della-bandiera-onu-simbolo-nella-giornata-delle-nazioni-unite","status":"publish","type":"post","link":"https:\/\/www.resolfin.com\/en\/blog\/esposizione-della-bandiera-onu-simbolo-nella-giornata-delle-nazioni-unite","title":{"rendered":"Esposizione della bandiera ONU, simbolo nella Giornata delle Nazioni Unite"},"content":{"rendered":"<p>Ogni anno, il 24 ottobre, il mondo festeggia la Giornata Mondiale delle Nazioni Unite: una ricorrenza che celebra i valori che l\u2019ONU porta avanti dal 1945 e che ci ricorda quanto la cooperazione internazionale sia fondamentale per affrontare tutte le grandi sfide globali.<\/p>\n<p>In questa occasione, uno dei gesti simbolici pi\u00f9 diffusi \u00e8 l\u2019<strong>esposizione della bandiera ONU<\/strong>. Vederla sventolare davanti a scuole, istituzioni, enti pubblici e sedi ufficiali non \u00e8 una formalit\u00e0, ma \u00e8 un segno concreto di adesione agli ideali universali che la bandiera rappresenta: pace, cooperazione, diritti umani, sviluppo sostenibile e solidariet\u00e0 internazionale.<\/p>\n<p>In questo articolo scopriremo la storia, il significato e qual \u00e8 il cerimoniale corretto per l\u2019<strong>esposizione della bandiera delle Nazioni Unite<\/strong>.<\/p>\n<h2>Qual \u00e8 il significato della bandiera dell\u2019Onu?<\/h2>\n<p>La <a title=\"Cosa rappresenta la bandiera ONU\" href=\"https:\/\/www.resolfin.com\/en\/blog\/dai-rami-dulivo-ai-colori-cosa-rappresenta-la-bandiera-dellonu\/\">bandiera delle Nazioni Unite<\/a> \u00e8 uno dei simboli pi\u00f9 riconoscibili al mondo. Disegnata nel 1945 e <strong>adottata ufficialmente nel 1947<\/strong>, fu pensata per rappresentare l\u2019Organizzazione delle Nazioni Unite, nata dopo la Seconda Guerra Mondiale con lo scopo di preservare la pace e la sicurezza collettiva grazie alla cooperazione internazionale.<\/p>\n<p>Al centro della bandiera si trova un <strong>mappamondo visto dal Polo Nord<\/strong>, che mostra tutti i continenti senza gerarchie, a voler sottolineare che <strong>ogni popolo ha pari dignit\u00e0<\/strong>. A circondarlo ci sono <strong>due rami d\u2019ulivo<\/strong>, simbolo millenario di <strong>pace e riconciliazione<\/strong>. Il tutto \u00e8 inserito su uno <strong>sfondo azzurro chiaro<\/strong>, un colore scelto in contrasto con le tonalit\u00e0 pi\u00f9 aggressive che spesso caratterizzano le bandiere militari. L\u2019azzurro evoca <strong>pace, lealt\u00e0 e speranza<\/strong> mentre il bianco simboleggia la purezza degli intenti.<\/p>\n<p>Insieme, questi elementi raccontano l\u2019essenza dell\u2019ONU: un\u2019organizzazione che vuole unire le nazioni, promuovere la cooperazione e mantenere la pace. Non \u00e8 solo un vessillo istituzionale, ma un emblema che parla a tutti, ovunque.<\/p>\n<h2>Cosa si celebra nella Giornata Mondiale dell\u2019ONU del 24 ottobre<\/h2>\n<p>La Giornata Mondiale delle Nazioni Unite del 24 ottobre celebra <strong>l\u2019entrata in vigore<\/strong>, nel 1945, <strong>dello Statuto delle Nazioni Unite<\/strong>. Non \u00e8 solo un anniversario formale: \u00e8 un\u2019occasione per riflettere su cosa significhi, ancora oggi, far parte di una comunit\u00e0 internazionale.<\/p>\n<p>Questa giornata invita a:<\/p>\n<ul style=\"color: #0b2c7f; font-family: Open Sans; font-size: 16px; font-style: normal;\">\n<li><strong>Ricordare le origini e lo scopo dell\u2019ONU<\/strong>, nata per garantire pace e sicurezza, ma anche per difendere i diritti umani.<\/li>\n<li><strong>Riflettere sulle sfide contemporanee,<\/strong> come le disuguaglianze, il cambiamento climatico, i conflitti e le crisi umanitarie.<\/li>\n<li><strong>Dare visibilit\u00e0 alla cooperazione internazionale<\/strong>, attraverso eventi, conferenze, attivit\u00e0 educative e gesti simbolici come l\u2019<strong>esposizione della bandiera ONU<\/strong>.<\/li>\n<\/ul>\n<p>L\u2019<strong>esposizione della bandiera delle Nazioni Unite <\/strong>rappresenta dunque un segno concreto di adesione ai valori che l\u2019ONU incarna a pi\u00f9 di 75 anni dalla sua fondazione.<\/p>\n<h2>Come avviene l\u2019esposizione della bandiera ONU? Ecco cosa prevede il cerimoniale<\/h2>\n<p>Il cerimoniale per l<strong>\u2019esposizione della bandiera ONU <\/strong>prevede che, in Italia, durante le celebrazioni (come la Giornata delle Nazioni Unite del 24 ottobre) o in occasione di eventi internazionali, la bandiera dell&#8217;ONU si esponga, insieme a quelle italiana ed europea, secondo regole precise:<\/p>\n<ol style=\"color: #0b2c7f; font-family: Open Sans; font-size: 16px; font-style: normal;\">\n<li>Se sono presenti bandiere in numero pari o superiore a due, la bandiera dell&#8217;ONU cede il posto d&#8217;onore alla bandiera italiana e <strong>si posiziona a destra<\/strong> (a sinistra per chi guarda).<\/li>\n<li>La bandiera dell&#8217;ONU deve essere <strong>alzata e ammainata per prima e per ultima<\/strong>. Viene esposta dall&#8217;alba al tramonto e l\u2019esposizione notturna \u00e8 consentita solo se la bandiera \u00e8 ben illuminata.<\/li>\n<li>La bandiera dell&#8217;ONU deve essere esposta <strong>alla stessa altezza<\/strong> di quella nazionale ed europea, deve avere <strong>dimensioni proporzionate<\/strong> e preferibilmente stesso materiale per uniformit\u00e0 visiva.<\/li>\n<li>La bandiera deve essere sempre <strong>usata con dignit\u00e0 e decoro<\/strong>, non deve mai toccare il suolo, e deve essere esposta in buono stato, senza strappi, scoloriture, pieghe evidenti o macchie.<\/li>\n<li>Non \u00e8 un elemento di arredo o decoro, quindi <strong>non pu\u00f2 essere esposta<\/strong> in una sala di conferenza <strong>se non c&#8217;\u00e8 un motivo ufficiale<\/strong>.<\/li>\n<li>In segno di lutto nazionale o internazionale, la bandiera <strong>pu\u00f2 essere esposta a mezz\u2019asta<\/strong> o con veli neri se previsto dal contesto istituzionale.<\/li>\n<\/ol>\n<h2>Dove acquistare le migliori bandiere sul mercato? Ecco perch\u00e9 scegliere Resolfin<\/h2>\n<p>Ora che sai di pi\u00f9 sulla corretta <strong>esposizione della bandiera ONU<\/strong>, se cerchi una bandiera istituzionale visivamente efficace e conforme alle regole del cerimoniale, affidati a <strong>Resolfin, <\/strong>azienda fornitrice di bandiere e supporti per Quirinale, Camera dei Deputati, Marina Militare Italiana, tutti i Ministeri, enti, organizzazioni internazionali come FAO e Nato e prestigiose multinazionali.<\/p>\n<p>Nel nostro store trovi la <a title=\"Bandiera dell\u2019ONU\" href=\"https:\/\/www.resolfin.com\/en\/product\/flag-of-the-united-nations\/\">bandiera dell\u2019ONU<\/a>, disponibile in diversi formati e tessuti, cos\u00ec come <a title=\"Bandiere istituzionali\" href=\"https:\/\/www.resolfin.com\/en\/category-product\/istitutional-flags\/\">bandiere istituzionali<\/a>, tutte le <a title=\"Bandiere del mondo\" href=\"https:\/\/www.resolfin.com\/en\/category-product\/world-flags\/\">bandiere del mondo<\/a>, bandiere nautiche e militari, gadget indossabili da personalizzare e <a title=\"Custom Flags\" href=\"https:\/\/www.resolfin.com\/en\/product\/custom-flags\/\">bandiere personalizzabili<\/a> adatte ad ogni esigenza.<\/p>\n<p><a title=\"Contacts\" href=\"https:\/\/www.resolfin.com\/en\/contact\">Contattaci<\/a> per una consulenza personalizzata oppure visita il nostro shop per scoprire la gamma completa e tutto il necessario per celebrare la <strong>Giornata Mondiale dell\u2019ONU del 24 ottobre<\/strong> e rendere onore a questo importante vessillo.<\/p>","protected":false},"excerpt":{"rendered":"<p>Ogni anno, il 24 ottobre, il mondo festeggia la Giornata Mondiale delle Nazioni Unite: una ricorrenza che celebra i valori che l\u2019ONU porta avanti dal 1945 e che ci ricorda quanto la cooperazione internazionale sia fondamentale per affrontare tutte le grandi sfide globali. In questa occasione, uno dei gesti simbolici pi\u00f9 diffusi \u00e8 l\u2019esposizione della [&hellip;]<\/p>","protected":false},"author":746,"featured_media":116666,"comment_status":"open","ping_status":"open","sticky":false,"template":"","format":"standard","meta":{"_acf_changed":false,"_sitemap_exclude":false,"_sitemap_priority":"","_sitemap_frequency":"","footnotes":""},"categories":[79],"tags":[],"class_list":["post-116665","post","type-post","status-publish","format-standard","has-post-thumbnail","hentry","category-blog"],"acf":[],"yoast_head":"<!-- This site is optimized with the Yoast SEO plugin v26.4 - https:\/\/yoast.com\/wordpress\/plugins\/seo\/ -->\n<title>Esposizione della bandiera ONU, simbolo nella Giornata delle Nazioni Unite<\/title>\n<meta name=\"description\" content=\"Ecco tutte le regole per la corretta esposizione della bandiera ONU e dove acquistare le migliori bandiere sul mercato.\" \/>\n<meta name=\"robots\" content=\"index, follow, max-snippet:-1, max-image-preview:large, max-video-preview:-1\" \/>\n<link rel=\"canonical\" href=\"https:\/\/www.resolfin.com\/en\/blog\/esposizione-della-bandiera-onu-simbolo-nella-giornata-delle-nazioni-unite\" \/>\n<meta property=\"og:locale\" content=\"en_GB\" \/>\n<meta property=\"og:type\" content=\"article\" \/>\n<meta property=\"og:title\" content=\"Esposizione della bandiera ONU, simbolo nella Giornata delle Nazioni Unite\" \/>\n<meta property=\"og:description\" content=\"Ecco tutte le regole per la corretta esposizione della bandiera ONU e dove acquistare le migliori bandiere sul mercato.\" \/>\n<meta property=\"og:url\" content=\"https:\/\/www.resolfin.com\/en\/blog\/esposizione-della-bandiera-onu-simbolo-nella-giornata-delle-nazioni-unite\" \/>\n<meta property=\"og:site_name\" content=\"Resolfin: vendita e produzione bandiere e pennoni\" \/>\n<meta property=\"article:publisher\" content=\"https:\/\/www.facebook.com\/resolfinbandiere\/\" \/>\n<meta property=\"article:published_time\" content=\"2025-09-22T11:15:52+00:00\" \/>\n<meta property=\"og:image\" content=\"https:\/\/www.resolfin.com\/wp-content\/uploads\/2025\/09\/bandiera-onu.jpg\" \/>\n\t<meta property=\"og:image:width\" content=\"800\" \/>\n\t<meta property=\"og:image:height\" content=\"533\" \/>\n\t<meta property=\"og:image:type\" content=\"image\/jpeg\" \/>\n<meta name=\"author\" content=\"Andrea Coccia\" \/>\n<meta name=\"twitter:card\" content=\"summary_large_image\" \/>\n<meta name=\"twitter:creator\" content=\"@resolfin_\" \/>\n<meta name=\"twitter:site\" content=\"@resolfin_\" \/>\n<meta name=\"twitter:label1\" content=\"Written by\" \/>\n\t<meta name=\"twitter:data1\" content=\"Andrea Coccia\" \/>\n\t<meta name=\"twitter:label2\" content=\"Estimated reading time\" \/>\n\t<meta name=\"twitter:data2\" content=\"5 minutes\" \/>\n<script type=\"application\/ld+json\" class=\"yoast-schema-graph\">{\"@context\":\"https:\/\/schema.org\",\"@graph\":[{\"@type\":\"Article\",\"@id\":\"https:\/\/www.resolfin.com\/blog\/esposizione-della-bandiera-onu-simbolo-nella-giornata-delle-nazioni-unite#article\",\"isPartOf\":{\"@id\":\"https:\/\/www.resolfin.com\/blog\/esposizione-della-bandiera-onu-simbolo-nella-giornata-delle-nazioni-unite\"},\"author\":{\"name\":\"Andrea Coccia\",\"@id\":\"https:\/\/www.resolfin.com\/#\/schema\/person\/50e3af4ae817db7c6a00202df3ce5b2a\"},\"headline\":\"Esposizione della bandiera ONU, simbolo nella Giornata delle Nazioni Unite\",\"datePublished\":\"2025-09-22T11:15:52+00:00\",\"mainEntityOfPage\":{\"@id\":\"https:\/\/www.resolfin.com\/blog\/esposizione-della-bandiera-onu-simbolo-nella-giornata-delle-nazioni-unite\"},\"wordCount\":785,\"commentCount\":0,\"publisher\":{\"@id\":\"https:\/\/www.resolfin.com\/#organization\"},\"image\":{\"@id\":\"https:\/\/www.resolfin.com\/blog\/esposizione-della-bandiera-onu-simbolo-nella-giornata-delle-nazioni-unite#primaryimage\"},\"thumbnailUrl\":\"https:\/\/www.resolfin.com\/wp-content\/uploads\/2025\/09\/bandiera-onu.jpg\",\"articleSection\":[\"Blog\"],\"inLanguage\":\"en-GB\",\"potentialAction\":[{\"@type\":\"CommentAction\",\"name\":\"Comment\",\"target\":[\"https:\/\/www.resolfin.com\/blog\/esposizione-della-bandiera-onu-simbolo-nella-giornata-delle-nazioni-unite#respond\"]}]},{\"@type\":\"WebPage\",\"@id\":\"https:\/\/www.resolfin.com\/blog\/esposizione-della-bandiera-onu-simbolo-nella-giornata-delle-nazioni-unite\",\"url\":\"https:\/\/www.resolfin.com\/blog\/esposizione-della-bandiera-onu-simbolo-nella-giornata-delle-nazioni-unite\",\"name\":\"Esposizione della bandiera ONU, simbolo nella Giornata delle Nazioni Unite\",\"isPartOf\":{\"@id\":\"https:\/\/www.resolfin.com\/#website\"},\"primaryImageOfPage\":{\"@id\":\"https:\/\/www.resolfin.com\/blog\/esposizione-della-bandiera-onu-simbolo-nella-giornata-delle-nazioni-unite#primaryimage\"},\"image\":{\"@id\":\"https:\/\/www.resolfin.com\/blog\/esposizione-della-bandiera-onu-simbolo-nella-giornata-delle-nazioni-unite#primaryimage\"},\"thumbnailUrl\":\"https:\/\/www.resolfin.com\/wp-content\/uploads\/2025\/09\/bandiera-onu.jpg\",\"datePublished\":\"2025-09-22T11:15:52+00:00\",\"description\":\"Ecco tutte le regole per la corretta esposizione della bandiera ONU e dove acquistare le migliori bandiere sul mercato.\",\"breadcrumb\":{\"@id\":\"https:\/\/www.resolfin.com\/blog\/esposizione-della-bandiera-onu-simbolo-nella-giornata-delle-nazioni-unite#breadcrumb\"},\"inLanguage\":\"en-GB\",\"potentialAction\":[{\"@type\":\"ReadAction\",\"target\":[\"https:\/\/www.resolfin.com\/blog\/esposizione-della-bandiera-onu-simbolo-nella-giornata-delle-nazioni-unite\"]}]},{\"@type\":\"ImageObject\",\"inLanguage\":\"en-GB\",\"@id\":\"https:\/\/www.resolfin.com\/blog\/esposizione-della-bandiera-onu-simbolo-nella-giornata-delle-nazioni-unite#primaryimage\",\"url\":\"https:\/\/www.resolfin.com\/wp-content\/uploads\/2025\/09\/bandiera-onu.jpg\",\"contentUrl\":\"https:\/\/www.resolfin.com\/wp-content\/uploads\/2025\/09\/bandiera-onu.jpg\",\"width\":800,\"height\":533,\"caption\":\"esposizione-bandiera-onu\"},{\"@type\":\"BreadcrumbList\",\"@id\":\"https:\/\/www.resolfin.com\/blog\/esposizione-della-bandiera-onu-simbolo-nella-giornata-delle-nazioni-unite#breadcrumb\",\"itemListElement\":[{\"@type\":\"ListItem\",\"position\":1,\"name\":\"Home\",\"item\":\"https:\/\/www.resolfin.com\/\"},{\"@type\":\"ListItem\",\"position\":2,\"name\":\"Esposizione della bandiera ONU, simbolo nella Giornata delle Nazioni Unite\"}]},{\"@type\":\"WebSite\",\"@id\":\"https:\/\/www.resolfin.com\/#website\",\"url\":\"https:\/\/www.resolfin.com\/\",\"name\":\"Resolfin: vendita e produzione bandiere e pennoni\",\"description\":\"vendita e produzione bandiere e pennoni\",\"publisher\":{\"@id\":\"https:\/\/www.resolfin.com\/#organization\"},\"potentialAction\":[{\"@type\":\"SearchAction\",\"target\":{\"@type\":\"EntryPoint\",\"urlTemplate\":\"https:\/\/www.resolfin.com\/?s={search_term_string}\"},\"query-input\":{\"@type\":\"PropertyValueSpecification\",\"valueRequired\":true,\"valueName\":\"search_term_string\"}}],\"inLanguage\":\"en-GB\"},{\"@type\":\"Organization\",\"@id\":\"https:\/\/www.resolfin.com\/#organization\",\"name\":\"Resolfin produzione bandiere\",\"url\":\"https:\/\/www.resolfin.com\/\",\"logo\":{\"@type\":\"ImageObject\",\"inLanguage\":\"en-GB\",\"@id\":\"https:\/\/www.resolfin.com\/#\/schema\/logo\/image\/\",\"url\":\"https:\/\/www.resolfin.com\/wp-content\/uploads\/2025\/06\/Logo-nuovo-trasparente-head.png\",\"contentUrl\":\"https:\/\/www.resolfin.com\/wp-content\/uploads\/2025\/06\/Logo-nuovo-trasparente-head.png\",\"width\":479,\"height\":142,\"caption\":\"Resolfin produzione bandiere\"},\"image\":{\"@id\":\"https:\/\/www.resolfin.com\/#\/schema\/logo\/image\/\"},\"sameAs\":[\"https:\/\/www.facebook.com\/resolfinbandiere\/\",\"https:\/\/x.com\/resolfin_\",\"https:\/\/www.instagram.com\/resolfin_bandiere\/\",\"https:\/\/www.linkedin.com\/company\/resolfin-srl\"]},{\"@type\":\"Person\",\"@id\":\"https:\/\/www.resolfin.com\/#\/schema\/person\/50e3af4ae817db7c6a00202df3ce5b2a\",\"name\":\"Andrea Coccia\",\"image\":{\"@type\":\"ImageObject\",\"inLanguage\":\"en-GB\",\"@id\":\"https:\/\/www.resolfin.com\/#\/schema\/person\/image\/\",\"url\":\"https:\/\/secure.gravatar.com\/avatar\/48680e08a68e164c8546819ac44f515d4d5c41c059e605c13916d35855177804?s=96&d=mm&r=g\",\"contentUrl\":\"https:\/\/secure.gravatar.com\/avatar\/48680e08a68e164c8546819ac44f515d4d5c41c059e605c13916d35855177804?s=96&d=mm&r=g\",\"caption\":\"Andrea Coccia\"},\"url\":\"https:\/\/www.resolfin.com\/en\/author\/inforesolfin-com\"}]}<\/script>\n<!-- \/ Yoast SEO plugin. -->","yoast_head_json":{"title":"Esposizione della bandiera ONU, simbolo nella Giornata delle Nazioni Unite","description":"Ecco tutte le regole per la corretta esposizione della bandiera ONU e dove acquistare le migliori bandiere sul mercato.","robots":{"index":"index","follow":"follow","max-snippet":"max-snippet:-1","max-image-preview":"max-image-preview:large","max-video-preview":"max-video-preview:-1"},"canonical":"https:\/\/www.resolfin.com\/en\/blog\/esposizione-della-bandiera-onu-simbolo-nella-giornata-delle-nazioni-unite","og_locale":"en_GB","og_type":"article","og_title":"Esposizione della bandiera ONU, simbolo nella Giornata delle Nazioni Unite","og_description":"Ecco tutte le regole per la corretta esposizione della bandiera ONU e dove acquistare le migliori bandiere sul mercato.","og_url":"https:\/\/www.resolfin.com\/en\/blog\/esposizione-della-bandiera-onu-simbolo-nella-giornata-delle-nazioni-unite","og_site_name":"Resolfin: vendita e produzione bandiere e pennoni","article_publisher":"https:\/\/www.facebook.com\/resolfinbandiere\/","article_published_time":"2025-09-22T11:15:52+00:00","og_image":[{"width":800,"height":533,"url":"https:\/\/www.resolfin.com\/wp-content\/uploads\/2025\/09\/bandiera-onu.jpg","type":"image\/jpeg"}],"author":"Andrea Coccia","twitter_card":"summary_large_image","twitter_creator":"@resolfin_","twitter_site":"@resolfin_","twitter_misc":{"Written by":"Andrea Coccia","Estimated reading time":"5 minutes"},"schema":{"@context":"https:\/\/schema.org","@graph":[{"@type":"Article","@id":"https:\/\/www.resolfin.com\/blog\/esposizione-della-bandiera-onu-simbolo-nella-giornata-delle-nazioni-unite#article","isPartOf":{"@id":"https:\/\/www.resolfin.com\/blog\/esposizione-della-bandiera-onu-simbolo-nella-giornata-delle-nazioni-unite"},"author":{"name":"Andrea Coccia","@id":"https:\/\/www.resolfin.com\/#\/schema\/person\/50e3af4ae817db7c6a00202df3ce5b2a"},"headline":"Esposizione della bandiera ONU, simbolo nella Giornata delle Nazioni Unite","datePublished":"2025-09-22T11:15:52+00:00","mainEntityOfPage":{"@id":"https:\/\/www.resolfin.com\/blog\/esposizione-della-bandiera-onu-simbolo-nella-giornata-delle-nazioni-unite"},"wordCount":785,"commentCount":0,"publisher":{"@id":"https:\/\/www.resolfin.com\/#organization"},"image":{"@id":"https:\/\/www.resolfin.com\/blog\/esposizione-della-bandiera-onu-simbolo-nella-giornata-delle-nazioni-unite#primaryimage"},"thumbnailUrl":"https:\/\/www.resolfin.com\/wp-content\/uploads\/2025\/09\/bandiera-onu.jpg","articleSection":["Blog"],"inLanguage":"en-GB","potentialAction":[{"@type":"CommentAction","name":"Comment","target":["https:\/\/www.resolfin.com\/blog\/esposizione-della-bandiera-onu-simbolo-nella-giornata-delle-nazioni-unite#respond"]}]},{"@type":"WebPage","@id":"https:\/\/www.resolfin.com\/blog\/esposizione-della-bandiera-onu-simbolo-nella-giornata-delle-nazioni-unite","url":"https:\/\/www.resolfin.com\/blog\/esposizione-della-bandiera-onu-simbolo-nella-giornata-delle-nazioni-unite","name":"Esposizione della bandiera ONU, simbolo nella Giornata delle Nazioni Unite","isPartOf":{"@id":"https:\/\/www.resolfin.com\/#website"},"primaryImageOfPage":{"@id":"https:\/\/www.resolfin.com\/blog\/esposizione-della-bandiera-onu-simbolo-nella-giornata-delle-nazioni-unite#primaryimage"},"image":{"@id":"https:\/\/www.resolfin.com\/blog\/esposizione-della-bandiera-onu-simbolo-nella-giornata-delle-nazioni-unite#primaryimage"},"thumbnailUrl":"https:\/\/www.resolfin.com\/wp-content\/uploads\/2025\/09\/bandiera-onu.jpg","datePublished":"2025-09-22T11:15:52+00:00","description":"Ecco tutte le regole per la corretta esposizione della bandiera ONU e dove acquistare le migliori bandiere sul mercato.","breadcrumb":{"@id":"https:\/\/www.resolfin.com\/blog\/esposizione-della-bandiera-onu-simbolo-nella-giornata-delle-nazioni-unite#breadcrumb"},"inLanguage":"en-GB","potentialAction":[{"@type":"ReadAction","target":["https:\/\/www.resolfin.com\/blog\/esposizione-della-bandiera-onu-simbolo-nella-giornata-delle-nazioni-unite"]}]},{"@type":"ImageObject","inLanguage":"en-GB","@id":"https:\/\/www.resolfin.com\/blog\/esposizione-della-bandiera-onu-simbolo-nella-giornata-delle-nazioni-unite#primaryimage","url":"https:\/\/www.resolfin.com\/wp-content\/uploads\/2025\/09\/bandiera-onu.jpg","contentUrl":"https:\/\/www.resolfin.com\/wp-content\/uploads\/2025\/09\/bandiera-onu.jpg","width":800,"height":533,"caption":"esposizione-bandiera-onu"},{"@type":"BreadcrumbList","@id":"https:\/\/www.resolfin.com\/blog\/esposizione-della-bandiera-onu-simbolo-nella-giornata-delle-nazioni-unite#breadcrumb","itemListElement":[{"@type":"ListItem","position":1,"name":"Home","item":"https:\/\/www.resolfin.com\/"},{"@type":"ListItem","position":2,"name":"Esposizione della bandiera ONU, simbolo nella Giornata delle Nazioni Unite"}]},{"@type":"WebSite","@id":"https:\/\/www.resolfin.com\/#website","url":"https:\/\/www.resolfin.com\/","name":"Resolfin: production and sales of flags and flagpoles","description":"vendita e produzione bandiere e pennoni","publisher":{"@id":"https:\/\/www.resolfin.com\/#organization"},"potentialAction":[{"@type":"SearchAction","target":{"@type":"EntryPoint","urlTemplate":"https:\/\/www.resolfin.com\/?s={search_term_string}"},"query-input":{"@type":"PropertyValueSpecification","valueRequired":true,"valueName":"search_term_string"}}],"inLanguage":"en-GB"},{"@type":"Organization","@id":"https:\/\/www.resolfin.com\/#organization","name":"Resolfin produzione bandiere","url":"https:\/\/www.resolfin.com\/","logo":{"@type":"ImageObject","inLanguage":"en-GB","@id":"https:\/\/www.resolfin.com\/#\/schema\/logo\/image\/","url":"https:\/\/www.resolfin.com\/wp-content\/uploads\/2025\/06\/Logo-nuovo-trasparente-head.png","contentUrl":"https:\/\/www.resolfin.com\/wp-content\/uploads\/2025\/06\/Logo-nuovo-trasparente-head.png","width":479,"height":142,"caption":"Resolfin produzione bandiere"},"image":{"@id":"https:\/\/www.resolfin.com\/#\/schema\/logo\/image\/"},"sameAs":["https:\/\/www.facebook.com\/resolfinbandiere\/","https:\/\/x.com\/resolfin_","https:\/\/www.instagram.com\/resolfin_bandiere\/","https:\/\/www.linkedin.com\/company\/resolfin-srl"]},{"@type":"Person","@id":"https:\/\/www.resolfin.com\/#\/schema\/person\/50e3af4ae817db7c6a00202df3ce5b2a","name":"Andrea Coccia","image":{"@type":"ImageObject","inLanguage":"en-GB","@id":"https:\/\/www.resolfin.com\/#\/schema\/person\/image\/","url":"https:\/\/secure.gravatar.com\/avatar\/48680e08a68e164c8546819ac44f515d4d5c41c059e605c13916d35855177804?s=96&d=mm&r=g","contentUrl":"https:\/\/secure.gravatar.com\/avatar\/48680e08a68e164c8546819ac44f515d4d5c41c059e605c13916d35855177804?s=96&d=mm&r=g","caption":"Andrea Coccia"},"url":"https:\/\/www.resolfin.com\/en\/author\/inforesolfin-com"}]}},"_links":{"self":[{"href":"https:\/\/www.resolfin.com\/en\/wp-json\/wp\/v2\/posts\/116665","targetHints":{"allow":["GET"]}}],"collection":[{"href":"https:\/\/www.resolfin.com\/en\/wp-json\/wp\/v2\/posts"}],"about":[{"href":"https:\/\/www.resolfin.com\/en\/wp-json\/wp\/v2\/types\/post"}],"author":[{"embeddable":true,"href":"https:\/\/www.resolfin.com\/en\/wp-json\/wp\/v2\/users\/746"}],"replies":[{"embeddable":true,"href":"https:\/\/www.resolfin.com\/en\/wp-json\/wp\/v2\/comments?post=116665"}],"version-history":[{"count":0,"href":"https:\/\/www.resolfin.com\/en\/wp-json\/wp\/v2\/posts\/116665\/revisions"}],"wp:featuredmedia":[{"embeddable":true,"href":"https:\/\/www.resolfin.com\/en\/wp-json\/wp\/v2\/media\/116666"}],"wp:attachment":[{"href":"https:\/\/www.resolfin.com\/en\/wp-json\/wp\/v2\/media?parent=116665"}],"wp:term":[{"taxonomy":"category","embeddable":true,"href":"https:\/\/www.resolfin.com\/en\/wp-json\/wp\/v2\/categories?post=116665"},{"taxonomy":"post_tag","embeddable":true,"href":"https:\/\/www.resolfin.com\/en\/wp-json\/wp\/v2\/tags?post=116665"}],"curies":[{"name":"wp","href":"https:\/\/api.w.org\/{rel}","templated":true}]}}